{"id":1164,"date":"2017-09-27T20:21:41","date_gmt":"2017-09-27T18:21:41","guid":{"rendered":"https:\/\/kvg-dorsten.de\/?p=1164"},"modified":"2022-11-05T13:34:27","modified_gmt":"2022-11-05T12:34:27","slug":"herzlich-willkommen-an-der-kardinal-von-galen-schule-liebe-1d","status":"publish","type":"post","link":"https:\/\/kvg-dorsten.de\/?p=1164","title":{"rendered":"Herzlich willkommen am Teilstandort Altendorf-Ulfkotte, liebe 1d!!!"},"content":{"rendered":"<p>Seit nunmehr vier Wochen haben wir eine neue Klasse 1d an unserer Schule!<\/p>\n<p>Am 31. August begann f\u00fcr 28 Kinder der gar nicht so ernste &#8222;Ernst des Lebens&#8220;.<\/p>\n<p>Der aufregende erste Schultag startete mit einem Gottesdienst. &#8222;Bunt wie die Blumen&#8220; war das Motto. Herr Krogmann verteilte vor dem Segen an jedes Kind eine Blume. So gab es gelbe, rote, kleine, gro\u00dfe, mit Bl\u00fctenkelchen, mit Bl\u00fctendolden &#8230; Alle Blumen waren so unterschiedlich wie die Kinder auch und zusammen ergaben sie einen wundersch\u00f6nen Blumenstrau\u00df &#8211; unsere neue Klasse 1 d &#8211; jeder f\u00fcr sich etwas Besonderes und zusammen eine tolle Gemeinschaft.<\/p>\n<p>Anschlie\u00dfend ging es in die Turnhalle, wo die Klassen 2d, 3d und 4d die I-M\u00e4nnchen mit einem kleinen Programm \u00fcberraschten.<\/p>\n<p>Danach war die erste Schulstunde. Zu h\u00f6ren\u00a0 gab es unter anderem die Geschichte von Leo L\u00f6we, der vor dem ersten Schultag ganz sch\u00f6n aufgeregt war. Doch als er zeigen durfte, was er schon gut konnte &#8211; laut und kr\u00e4ftig br\u00fcllen &#8211; war sein Magengrummeln pl\u00f6tzlich verschwunden &#8230; und das der meisten Kinder auch.<\/p>\n<p>Nach einem kleinen Fotoshooting f\u00fcr das allererste Klassenfoto am Kletterger\u00fcst war der erste Schultag auch schon vorbei und alle Kinder verbrachten einen sch\u00f6nen Nachmittag im Kreise ihrer Familie und Freunde.<\/p>\n<p><a href=\"https:\/\/kvg-dorsten.de\/wp2\/wp-content\/uploads\/2017\/09\/20170831_131738.jpg\"><img loading=\"lazy\" decoding=\"async\" class=\"alignnone wp-image-1165 size-medium\" src=\"https:\/\/kvg-dorsten.de\/wp2\/wp-content\/uploads\/2017\/09\/20170831_131738-300x225.jpg\" alt=\"\" width=\"300\" height=\"225\" srcset=\"https:\/\/kvg-dorsten.de\/wp2\/wp-content\/uploads\/2017\/09\/20170831_131738-300x225.jpg 300w, https:\/\/kvg-dorsten.de\/wp2\/wp-content\/uploads\/2017\/09\/20170831_131738-1024x768.jpg 1024w\" sizes=\"auto, (max-width: 300px) 100vw, 300px\" \/><\/a> <a href=\"https:\/\/kvg-dorsten.de\/wp2\/wp-content\/uploads\/2017\/09\/P1070628.jpg\"><img loading=\"lazy\" decoding=\"async\" class=\"alignnone wp-image-1166 size-medium\" src=\"https:\/\/kvg-dorsten.de\/wp2\/wp-content\/uploads\/2017\/09\/P1070628-300x225.jpg\" alt=\"\" width=\"300\" height=\"225\" srcset=\"https:\/\/kvg-dorsten.de\/wp2\/wp-content\/uploads\/2017\/09\/P1070628-300x225.jpg 300w, https:\/\/kvg-dorsten.de\/wp2\/wp-content\/uploads\/2017\/09\/P1070628-1024x768.jpg 1024w\" sizes=\"auto, (max-width: 300px) 100vw, 300px\" \/><\/a> <a href=\"https:\/\/kvg-dorsten.de\/wp2\/wp-content\/uploads\/2017\/09\/P1070639.jpg\"><img loading=\"lazy\" decoding=\"async\" class=\"alignnone wp-image-1167 size-medium\" src=\"https:\/\/kvg-dorsten.de\/wp2\/wp-content\/uploads\/2017\/09\/P1070639-300x225.jpg\" alt=\"\" width=\"300\" height=\"225\" srcset=\"https:\/\/kvg-dorsten.de\/wp2\/wp-content\/uploads\/2017\/09\/P1070639-300x225.jpg 300w, https:\/\/kvg-dorsten.de\/wp2\/wp-content\/uploads\/2017\/09\/P1070639-1024x768.jpg 1024w\" sizes=\"auto, (max-width: 300px) 100vw, 300px\" \/><\/a> <a href=\"https:\/\/kvg-dorsten.de\/wp2\/wp-content\/uploads\/2017\/09\/P1070642.jpg\"><img loading=\"lazy\" decoding=\"async\" class=\"alignnone wp-image-1168 size-medium\" src=\"https:\/\/kvg-dorsten.de\/wp2\/wp-content\/uploads\/2017\/09\/P1070642-300x225.jpg\" alt=\"\" width=\"300\" height=\"225\" srcset=\"https:\/\/kvg-dorsten.de\/wp2\/wp-content\/uploads\/2017\/09\/P1070642-300x225.jpg 300w, https:\/\/kvg-dorsten.de\/wp2\/wp-content\/uploads\/2017\/09\/P1070642-1024x769.jpg 1024w\" sizes=\"auto, (max-width: 300px) 100vw, 300px\" \/><\/a> <a href=\"https:\/\/kvg-dorsten.de\/wp2\/wp-content\/uploads\/2017\/09\/P1070643.jpg\"><img loading=\"lazy\" decoding=\"async\" class=\"alignnone wp-image-1169 size-medium\" src=\"https:\/\/kvg-dorsten.de\/wp2\/wp-content\/uploads\/2017\/09\/P1070643-300x225.jpg\" alt=\"\" width=\"300\" height=\"225\" srcset=\"https:\/\/kvg-dorsten.de\/wp2\/wp-content\/uploads\/2017\/09\/P1070643-300x225.jpg 300w, https:\/\/kvg-dorsten.de\/wp2\/wp-content\/uploads\/2017\/09\/P1070643-1024x768.jpg 1024w\" sizes=\"auto, (max-width: 300px) 100vw, 300px\" \/><\/a> <a href=\"https:\/\/kvg-dorsten.de\/wp2\/wp-content\/uploads\/2017\/09\/P1070699.jpg\"><img loading=\"lazy\" decoding=\"async\" class=\"alignnone wp-image-1170 size-medium\" src=\"https:\/\/kvg-dorsten.de\/wp2\/wp-content\/uploads\/2017\/09\/P1070699-300x225.jpg\" alt=\"\" width=\"300\" height=\"225\" srcset=\"https:\/\/kvg-dorsten.de\/wp2\/wp-content\/uploads\/2017\/09\/P1070699-300x225.jpg 300w, https:\/\/kvg-dorsten.de\/wp2\/wp-content\/uploads\/2017\/09\/P1070699-1024x768.jpg 1024w\" sizes=\"auto, (max-width: 300px) 100vw, 300px\" \/><\/a> <a href=\"https:\/\/kvg-dorsten.de\/wp2\/wp-content\/uploads\/2017\/09\/P1070719.jpg\"><img loading=\"lazy\" decoding=\"async\" class=\"alignnone wp-image-1171 size-medium\" src=\"https:\/\/kvg-dorsten.de\/wp2\/wp-content\/uploads\/2017\/09\/P1070719-300x225.jpg\" alt=\"\" width=\"300\" height=\"225\" srcset=\"https:\/\/kvg-dorsten.de\/wp2\/wp-content\/uploads\/2017\/09\/P1070719-300x225.jpg 300w, https:\/\/kvg-dorsten.de\/wp2\/wp-content\/uploads\/2017\/09\/P1070719-1024x768.jpg 1024w\" sizes=\"auto, (max-width: 300px) 100vw, 300px\" \/><\/a> <a href=\"https:\/\/kvg-dorsten.de\/wp2\/wp-content\/uploads\/2017\/09\/P1070768.jpg\"><img loading=\"lazy\" decoding=\"async\" class=\"alignnone wp-image-1172 size-medium\" src=\"https:\/\/kvg-dorsten.de\/wp2\/wp-content\/uploads\/2017\/09\/P1070768-300x225.jpg\" alt=\"\" width=\"300\" height=\"225\" srcset=\"https:\/\/kvg-dorsten.de\/wp2\/wp-content\/uploads\/2017\/09\/P1070768-300x225.jpg 300w, https:\/\/kvg-dorsten.de\/wp2\/wp-content\/uploads\/2017\/09\/P1070768-1024x768.jpg 1024w\" sizes=\"auto, (max-width: 300px) 100vw, 300px\" \/><\/a><\/p>\n","protected":false},"excerpt":{"rendered":"<p>Seit nunmehr vier Wochen haben wir eine neue Klasse 1d an unserer Schule! Am 31. August begann f\u00fcr 28 Kinder der gar nicht so ernste &#8222;Ernst des Lebens&#8220;. Der aufregende erste Schultag startete mit einem Gottesdienst. &#8222;Bunt wie die Blumen&#8220; war das Motto. Herr Krogmann verteilte vor dem Segen an jedes Kind eine Blume. So &hellip; <a href=\"https:\/\/kvg-dorsten.de\/?p=1164\" class=\"more-link\"><span class=\"screen-reader-text\">Herzlich willkommen am Teilstandort Altendorf-Ulfkotte, liebe 1d!!!<\/span> weiterlesen <span class=\"meta-nav\">&rarr;<\/span><\/a><\/p>\n","protected":false},"author":2,"featured_media":1177,"comment_status":"open","ping_status":"open","sticky":false,"template":"","format":"standard","meta":{"footnotes":""},"categories":[21],"tags":[],"class_list":["post-1164","post","type-post","status-publish","format-standard","has-post-thumbnail","hentry","category-archiv-ab-schuljahr-201415"],"_links":{"self":[{"href":"https:\/\/kvg-dorsten.de\/index.php?rest_route=\/wp\/v2\/posts\/1164","targetHints":{"allow":["GET"]}}],"collection":[{"href":"https:\/\/kvg-dorsten.de\/index.php?rest_route=\/wp\/v2\/posts"}],"about":[{"href":"https:\/\/kvg-dorsten.de\/index.php?rest_route=\/wp\/v2\/types\/post"}],"author":[{"embeddable":true,"href":"https:\/\/kvg-dorsten.de\/index.php?rest_route=\/wp\/v2\/users\/2"}],"replies":[{"embeddable":true,"href":"https:\/\/kvg-dorsten.de\/index.php?rest_route=%2Fwp%2Fv2%2Fcomments&post=1164"}],"version-history":[{"count":10,"href":"https:\/\/kvg-dorsten.de\/index.php?rest_route=\/wp\/v2\/posts\/1164\/revisions"}],"predecessor-version":[{"id":2541,"href":"https:\/\/kvg-dorsten.de\/index.php?rest_route=\/wp\/v2\/posts\/1164\/revisions\/2541"}],"wp:featuredmedia":[{"embeddable":true,"href":"https:\/\/kvg-dorsten.de\/index.php?rest_route=\/wp\/v2\/media\/1177"}],"wp:attachment":[{"href":"https:\/\/kvg-dorsten.de\/index.php?rest_route=%2Fwp%2Fv2%2Fmedia&parent=1164"}],"wp:term":[{"taxonomy":"category","embeddable":true,"href":"https:\/\/kvg-dorsten.de\/index.php?rest_route=%2Fwp%2Fv2%2Fcategories&post=1164"},{"taxonomy":"post_tag","embeddable":true,"href":"https:\/\/kvg-dorsten.de\/index.php?rest_route=%2Fwp%2Fv2%2Ftags&post=1164"}],"curies":[{"name":"wp","href":"https:\/\/api.w.org\/{rel}","templated":true}]}}