{"id":120,"date":"2015-05-25T22:41:06","date_gmt":"2015-05-25T20:41:06","guid":{"rendered":"http:\/\/kvg-dorsten.de\/wp2\/?p=120"},"modified":"2019-02-01T15:16:04","modified_gmt":"2019-02-01T14:16:04","slug":"hae-das-sieht-ja-jetzt-ganz-anders-aus","status":"publish","type":"post","link":"https:\/\/kvg-dorsten.de\/?p=120","title":{"rendered":"H\u00c4, DAS SIEHT JA JETZT GANZ ANDERS AUS \u2026"},"content":{"rendered":"<p><strong>Liebe Besucher der Homepage der Kardinal-von-Galen-Schule,<\/strong><\/p>\n<p>diese Seite wurde jetzt etwas benutzerfreundlicher gestaltet \u2013 f\u00fcr Sie wie auch f\u00fcr die \u201aRedakteure\u2018 dieser Seite.<\/p>\n<p>Diese Seite ist nun \u201afully responsive&#8216;; auch auf dem Smartphone oder dem Tablet ist die Darstellung \u00fcbersichtlich; das Menu befindet sich dann auf den kleinen Displays unten: Wischen macht Spa\u00df! \ud83d\ude42<\/p>\n<p><img loading=\"lazy\" decoding=\"async\" class=\"alignright wp-image-181\" src=\"http:\/\/kvg-dorsten.de\/wordpress\/wp-content\/uploads\/2015\/05\/Screenshot_2015-05-27-22-42-11.png\" alt=\"Screenshot_2015-05-27-22-42-11\" width=\"270\" height=\"480\" \/><\/p>\n<p>Oben, unter dem Titelbild, finden Sie eher allgemeine Informationen zur Schule und ein Archiv mit Beitr\u00e4gen des vergangenen Schuljahres.<\/p>\n<p>Angezeigt werden immer die zuletzt eingestellten Beitr\u00e4ge in abnehmender Aktualit\u00e4t querbeet durch alle \u201aThemen&#8216;; m\u00f6chten Sie die aktuellen Beitr\u00e4ge z.B. zur Klasse Ihres Kindes oder zur \u201e\u00dc\u201c sehen, klicken Sie auf das entsprechende Thema im Menu (links auf dem gro\u00dfen Bildschirm, unten im Smartphone).<\/p>\n<p>Falls Sie bestimmte Beitr\u00e4ge kommentieren m\u00f6chten, finden Sie zu jedem Beitrag eine Kommentarfunktion; Kommentare werden aber nicht gleich angezeigt, sondern moderiert: so schlie\u00dfen wir Spammer und anderes \u201aUngeziefer\u2018 aus <img decoding=\"async\" class=\"wp-smiley\" src=\"http:\/\/kvg-dorsten.de\/wordpress\/wp-includes\/images\/smilies\/simple-smile.png\" alt=\":-)\" \/><\/p>\n<p>Sie m\u00f6chten gerne regelm\u00e4\u00dfig\u00a0\u00fcber alle Neuigkeiten auf dieser Seite informiert werden? Eine kurze E-Mail mit Ihrem Wunsch, Ihrem Namen und Ihrer E-Mail-Adresse an <a href=\"mailto:post@wulfwebworks\" target=\"_blank\">post@wulfwebworks<\/a> und kurz drauf\u00a0sind Sie \u201aAbonnent\u2018 dieser Seite \u2013 und es kostet nichts.<\/p>\n<p>Eins zum Schluss: Diese Homepage wird von Menschen betrieben und Menschen machen Fehler. Finden Sie einen, behalten Sie ihn bitte nicht, sondern teilen Sie ihn uns mit: wir werden uns um Abhilfe bem\u00fchen! Gleiches gilt f\u00fcr Verbesserungsvorschl\u00e4ge: wir sind auf Sie als Nutzer dieser Homepage angewiesen, denn f\u00fcr Sie ist diese Seite gemacht!<\/p>\n<p>Also dann: auf gute Zusammenarbeit!<\/p>\n<p>Das Team der Kardinal-von-Galen-Schule und<br \/>\nJohannes Wulf (als <a href=\"mailto:post@wulfwebworks.de\" target=\"_blank\">Ansprechpartner<\/a>\u00a0f\u00fcr diese Homepage)<\/p>\n<p>PS: Sie finden uns auch bei <a href=\"https:\/\/www.facebook.com\/pages\/Grundschule-Altendorf-Ulfkotte\/1670454963177263?fref=ts\" target=\"_blank\">Facebook<\/a>!<\/p>\n<p>&nbsp;<\/p>\n","protected":false},"excerpt":{"rendered":"<p>Liebe Besucher der Homepage der Kardinal-von-Galen-Schule, diese Seite wurde jetzt etwas benutzerfreundlicher gestaltet \u2013 f\u00fcr Sie wie auch f\u00fcr die \u201aRedakteure\u2018 dieser Seite. Diese Seite ist nun \u201afully responsive&#8216;; auch auf dem Smartphone oder dem Tablet ist die Darstellung \u00fcbersichtlich; das Menu befindet sich dann auf den kleinen Displays unten: Wischen macht Spa\u00df! \ud83d\ude42 Oben, &hellip; <a href=\"https:\/\/kvg-dorsten.de\/?p=120\" class=\"more-link\"><span class=\"screen-reader-text\">H\u00c4, DAS SIEHT JA JETZT GANZ ANDERS AUS \u2026<\/span> weiterlesen <span class=\"meta-nav\">&rarr;<\/span><\/a><\/p>\n","protected":false},"author":1,"featured_media":0,"comment_status":"open","ping_status":"open","sticky":false,"template":"","format":"standard","meta":{"footnotes":""},"categories":[21],"tags":[],"class_list":["post-120","post","type-post","status-publish","format-standard","hentry","category-archiv-ab-schuljahr-201415"],"_links":{"self":[{"href":"https:\/\/kvg-dorsten.de\/index.php?rest_route=\/wp\/v2\/posts\/120","targetHints":{"allow":["GET"]}}],"collection":[{"href":"https:\/\/kvg-dorsten.de\/index.php?rest_route=\/wp\/v2\/posts"}],"about":[{"href":"https:\/\/kvg-dorsten.de\/index.php?rest_route=\/wp\/v2\/types\/post"}],"author":[{"embeddable":true,"href":"https:\/\/kvg-dorsten.de\/index.php?rest_route=\/wp\/v2\/users\/1"}],"replies":[{"embeddable":true,"href":"https:\/\/kvg-dorsten.de\/index.php?rest_route=%2Fwp%2Fv2%2Fcomments&post=120"}],"version-history":[{"count":3,"href":"https:\/\/kvg-dorsten.de\/index.php?rest_route=\/wp\/v2\/posts\/120\/revisions"}],"predecessor-version":[{"id":123,"href":"https:\/\/kvg-dorsten.de\/index.php?rest_route=\/wp\/v2\/posts\/120\/revisions\/123"}],"wp:attachment":[{"href":"https:\/\/kvg-dorsten.de\/index.php?rest_route=%2Fwp%2Fv2%2Fmedia&parent=120"}],"wp:term":[{"taxonomy":"category","embeddable":true,"href":"https:\/\/kvg-dorsten.de\/index.php?rest_route=%2Fwp%2Fv2%2Fcategories&post=120"},{"taxonomy":"post_tag","embeddable":true,"href":"https:\/\/kvg-dorsten.de\/index.php?rest_route=%2Fwp%2Fv2%2Ftags&post=120"}],"curies":[{"name":"wp","href":"https:\/\/api.w.org\/{rel}","templated":true}]}}