{"id":1383,"date":"2018-06-08T15:03:53","date_gmt":"2018-06-08T13:03:53","guid":{"rendered":"https:\/\/kvg-dorsten.de\/?p=1383"},"modified":"2019-02-01T14:56:47","modified_gmt":"2019-02-01T13:56:47","slug":"unser-ausflug-zum-erdbeerhof","status":"publish","type":"post","link":"https:\/\/kvg-dorsten.de\/?p=1383","title":{"rendered":"Unser Ausflug zum Erdbeerhof"},"content":{"rendered":"<p align=\"justify\">Am letzten Dienstag haben wir mit unserer Klasse einen tollen Ausflug zum Hof Schulte-Kellinghaus unternommen. Bestens ausgestattet mit Rucksack und bequemen Schuhen machten wir uns direkt zu Schulbeginn zu Fu\u00df auf den etwa zwei Kilometer langen Weg und konnten unterwegs schon einiges entdecken: Feldhasen, Mais- und Spargelfelder und Kamille am Wegesrand. Gespannt, was uns erwartet, kamen wir schon nach einer halben Stunde an und wurden von Frau Schulte-Kellinghaus in Empfang genommen. Nach einer kleinen F\u00fchrung auf dem Hof und dem Streicheln der Ponies ging es auf das nahegelegene Erdbeerfeld. Dort stand im Verkaufshaus f\u00fcr jedes Kind ein Sch\u00e4lchen bereit, das Sebastian geduldig an die Kinder verteilte. Und dann hie\u00df es: Nichts wie los aufs Erdbeerfeld! Schnell f\u00fcllten sich die Sch\u00e4lchen mit den k\u00f6stlichen Beeren und zwischendurch wurde immer mal wieder genascht. Mmh, sind die lecker! \u2013 waren sich alle Kinder einig. Besonders gro\u00dfe Exemplare wurden zum Erdbeerk\u00f6nig gek\u00fcrt. Nach der \u201eArbeit\u201c ging es zum Spielen und Fr\u00fchst\u00fccken zu Familie Schirrmacher nebenan, die uns freundlicherweise ihren Garten zur Verf\u00fcgung gestellt hat. Dort konnten alle nach Herzenslust spielen, toben und sich zwischendurch immer wieder mal st\u00e4rken. Frau Schulte-Kellinghaus hatte uns noch zwei riesige Sch\u00fcsseln Erdbeeren zum Naschen zur Verf\u00fcgung gestellt, sowie selbst gemachte Erdbeermilch und Erdbeerschorle. Die Zeit verging wie im Flug und am liebsten w\u00e4ren alle noch viel l\u00e4nger geblieben. Doch es stand ja auch noch der R\u00fcckweg zur Schule an. Als wir dort eintrafen, warteten auch schon die Sch\u00e4lchen mit Erdbeeren auf der Tischtennisplatte. Die hatte Frau Schulte-Kellinghaus uns sicherheitshalber mit dem Auto zur Schule gefahren, ansonsten w\u00e4re wom\u00f6glich Erdbeermus an der Schule angekommen <span style=\"font-family: Wingdings, serif\">\uf04a<\/span>\u2026 Zur Belohnung f\u00fcr den weiten Fu\u00dfmarsch wartete noch eine weitere \u00dcberraschung auf die Kinder. Auch wenn es nicht so hei\u00df wie angek\u00fcndigt war, schmeckte das Eis und rundete einen tollen Ausflugstag ab. So macht Schule besonders viel Spa\u00df und dieser Tag hat gezeigt, dass wir schon ein ganz sch\u00f6n tolles Team geworden sind!<\/p>\n<p align=\"justify\">Ein ganz herzliches Dankesch\u00f6n gilt an dieser Stelle auch noch einmal Familie Schulte-Kellinghaus, Familie Schirrmacher und unseren Begleitm\u00fcttern Frau Cremer, Frau Schneider und Frau Sickelmann, die uns diesen Ausflug erm\u00f6glicht haben.<\/p>\n<p align=\"justify\"><img loading=\"lazy\" decoding=\"async\" class=\"size-medium wp-image-1401 alignleft\" src=\"https:\/\/kvg-dorsten.de\/wp2\/wp-content\/uploads\/2018\/06\/Livi-Erdbeer-300x212.jpg\" alt=\"\" width=\"300\" height=\"212\" srcset=\"https:\/\/kvg-dorsten.de\/wp2\/wp-content\/uploads\/2018\/06\/Livi-Erdbeer-300x212.jpg 300w, https:\/\/kvg-dorsten.de\/wp2\/wp-content\/uploads\/2018\/06\/Livi-Erdbeer.jpg 452w\" sizes=\"auto, (max-width: 300px) 100vw, 300px\" \/><\/p>\n<p align=\"justify\"><img loading=\"lazy\" decoding=\"async\" class=\"size-medium wp-image-1400 alignright\" src=\"https:\/\/kvg-dorsten.de\/wp2\/wp-content\/uploads\/2018\/06\/BenPittErdbeer-300x211.jpg\" alt=\"\" width=\"300\" height=\"211\" srcset=\"https:\/\/kvg-dorsten.de\/wp2\/wp-content\/uploads\/2018\/06\/BenPittErdbeer-300x211.jpg 300w, https:\/\/kvg-dorsten.de\/wp2\/wp-content\/uploads\/2018\/06\/BenPittErdbeer.jpg 452w\" sizes=\"auto, (max-width: 300px) 100vw, 300px\" \/><\/p>\n<p align=\"justify\">\n<p align=\"justify\">\n<p align=\"justify\">\n<p align=\"justify\"><img loading=\"lazy\" decoding=\"async\" class=\"size-medium wp-image-1385 alignleft\" src=\"https:\/\/kvg-dorsten.de\/wp2\/wp-content\/uploads\/2018\/06\/DSCN5390-300x225.jpg\" alt=\"\" width=\"300\" height=\"225\" \/> <img loading=\"lazy\" decoding=\"async\" class=\"size-medium wp-image-1386 alignright\" src=\"https:\/\/kvg-dorsten.de\/wp2\/wp-content\/uploads\/2018\/06\/DSCN5393-300x225.jpg\" alt=\"\" width=\"300\" height=\"225\" srcset=\"https:\/\/kvg-dorsten.de\/wp2\/wp-content\/uploads\/2018\/06\/DSCN5393-300x225.jpg 300w, https:\/\/kvg-dorsten.de\/wp2\/wp-content\/uploads\/2018\/06\/DSCN5393-1024x768.jpg 1024w, https:\/\/kvg-dorsten.de\/wp2\/wp-content\/uploads\/2018\/06\/DSCN5393.jpg 1440w\" sizes=\"auto, (max-width: 300px) 100vw, 300px\" \/> <img loading=\"lazy\" decoding=\"async\" class=\"size-medium wp-image-1387 alignleft\" src=\"https:\/\/kvg-dorsten.de\/wp2\/wp-content\/uploads\/2018\/06\/DSCN5439-300x225.jpg\" alt=\"\" width=\"300\" height=\"225\" srcset=\"https:\/\/kvg-dorsten.de\/wp2\/wp-content\/uploads\/2018\/06\/DSCN5439-300x225.jpg 300w, https:\/\/kvg-dorsten.de\/wp2\/wp-content\/uploads\/2018\/06\/DSCN5439-1024x768.jpg 1024w, https:\/\/kvg-dorsten.de\/wp2\/wp-content\/uploads\/2018\/06\/DSCN5439.jpg 1440w\" sizes=\"auto, (max-width: 300px) 100vw, 300px\" \/> <img loading=\"lazy\" decoding=\"async\" class=\"size-medium wp-image-1388 alignright\" src=\"https:\/\/kvg-dorsten.de\/wp2\/wp-content\/uploads\/2018\/06\/DSCN5450-300x225.jpg\" alt=\"\" width=\"300\" height=\"225\" srcset=\"https:\/\/kvg-dorsten.de\/wp2\/wp-content\/uploads\/2018\/06\/DSCN5450-300x225.jpg 300w, https:\/\/kvg-dorsten.de\/wp2\/wp-content\/uploads\/2018\/06\/DSCN5450-1024x768.jpg 1024w, https:\/\/kvg-dorsten.de\/wp2\/wp-content\/uploads\/2018\/06\/DSCN5450.jpg 1440w\" sizes=\"auto, (max-width: 300px) 100vw, 300px\" \/> <img loading=\"lazy\" decoding=\"async\" class=\"size-medium wp-image-1389 alignleft\" src=\"https:\/\/kvg-dorsten.de\/wp2\/wp-content\/uploads\/2018\/06\/DSCN5453-300x225.jpg\" alt=\"\" width=\"300\" height=\"225\" srcset=\"https:\/\/kvg-dorsten.de\/wp2\/wp-content\/uploads\/2018\/06\/DSCN5453-300x225.jpg 300w, https:\/\/kvg-dorsten.de\/wp2\/wp-content\/uploads\/2018\/06\/DSCN5453-1024x768.jpg 1024w, https:\/\/kvg-dorsten.de\/wp2\/wp-content\/uploads\/2018\/06\/DSCN5453.jpg 1440w\" sizes=\"auto, (max-width: 300px) 100vw, 300px\" \/> <img loading=\"lazy\" decoding=\"async\" class=\"size-medium wp-image-1390 alignright\" src=\"https:\/\/kvg-dorsten.de\/wp2\/wp-content\/uploads\/2018\/06\/DSCN5463-300x225.jpg\" alt=\"\" width=\"300\" height=\"225\" srcset=\"https:\/\/kvg-dorsten.de\/wp2\/wp-content\/uploads\/2018\/06\/DSCN5463-300x225.jpg 300w, https:\/\/kvg-dorsten.de\/wp2\/wp-content\/uploads\/2018\/06\/DSCN5463-1024x768.jpg 1024w, https:\/\/kvg-dorsten.de\/wp2\/wp-content\/uploads\/2018\/06\/DSCN5463.jpg 1440w\" sizes=\"auto, (max-width: 300px) 100vw, 300px\" \/><\/p>\n","protected":false},"excerpt":{"rendered":"<p>Am letzten Dienstag haben wir mit unserer Klasse einen tollen Ausflug zum Hof Schulte-Kellinghaus unternommen. Bestens ausgestattet mit Rucksack und bequemen Schuhen machten wir uns direkt zu Schulbeginn zu Fu\u00df auf den etwa zwei Kilometer langen Weg und konnten unterwegs schon einiges entdecken: Feldhasen, Mais- und Spargelfelder und Kamille am Wegesrand. Gespannt, was uns erwartet, &hellip; <a href=\"https:\/\/kvg-dorsten.de\/?p=1383\" class=\"more-link\"><span class=\"screen-reader-text\">Unser Ausflug zum Erdbeerhof<\/span> weiterlesen <span class=\"meta-nav\">&rarr;<\/span><\/a><\/p>\n","protected":false},"author":2,"featured_media":1385,"comment_status":"open","ping_status":"open","sticky":false,"template":"","format":"standard","meta":{"footnotes":""},"categories":[21],"tags":[],"class_list":["post-1383","post","type-post","status-publish","format-standard","has-post-thumbnail","hentry","category-archiv-ab-schuljahr-201415"],"_links":{"self":[{"href":"https:\/\/kvg-dorsten.de\/index.php?rest_route=\/wp\/v2\/posts\/1383","targetHints":{"allow":["GET"]}}],"collection":[{"href":"https:\/\/kvg-dorsten.de\/index.php?rest_route=\/wp\/v2\/posts"}],"about":[{"href":"https:\/\/kvg-dorsten.de\/index.php?rest_route=\/wp\/v2\/types\/post"}],"author":[{"embeddable":true,"href":"https:\/\/kvg-dorsten.de\/index.php?rest_route=\/wp\/v2\/users\/2"}],"replies":[{"embeddable":true,"href":"https:\/\/kvg-dorsten.de\/index.php?rest_route=%2Fwp%2Fv2%2Fcomments&post=1383"}],"version-history":[{"count":9,"href":"https:\/\/kvg-dorsten.de\/index.php?rest_route=\/wp\/v2\/posts\/1383\/revisions"}],"predecessor-version":[{"id":1403,"href":"https:\/\/kvg-dorsten.de\/index.php?rest_route=\/wp\/v2\/posts\/1383\/revisions\/1403"}],"wp:featuredmedia":[{"embeddable":true,"href":"https:\/\/kvg-dorsten.de\/index.php?rest_route=\/wp\/v2\/media\/1385"}],"wp:attachment":[{"href":"https:\/\/kvg-dorsten.de\/index.php?rest_route=%2Fwp%2Fv2%2Fmedia&parent=1383"}],"wp:term":[{"taxonomy":"category","embeddable":true,"href":"https:\/\/kvg-dorsten.de\/index.php?rest_route=%2Fwp%2Fv2%2Fcategories&post=1383"},{"taxonomy":"post_tag","embeddable":true,"href":"https:\/\/kvg-dorsten.de\/index.php?rest_route=%2Fwp%2Fv2%2Ftags&post=1383"}],"curies":[{"name":"wp","href":"https:\/\/api.w.org\/{rel}","templated":true}]}}