{"id":1405,"date":"2018-06-08T16:55:35","date_gmt":"2018-06-08T14:55:35","guid":{"rendered":"https:\/\/kvg-dorsten.de\/?p=1405"},"modified":"2019-02-01T14:56:14","modified_gmt":"2019-02-01T13:56:14","slug":"hereinspaziert-hereinspaziert","status":"publish","type":"post","link":"https:\/\/kvg-dorsten.de\/?p=1405","title":{"rendered":"Hereinspaziert, hereinspaziert!"},"content":{"rendered":"<p><img loading=\"lazy\" decoding=\"async\" class=\"size-medium wp-image-1406 aligncenter\" src=\"https:\/\/kvg-dorsten.de\/wp2\/wp-content\/uploads\/2018\/06\/20180608_104224-e1528468414308-168x300.jpg\" alt=\"\" width=\"168\" height=\"300\" srcset=\"https:\/\/kvg-dorsten.de\/wp2\/wp-content\/uploads\/2018\/06\/20180608_104224-e1528468414308-168x300.jpg 168w, https:\/\/kvg-dorsten.de\/wp2\/wp-content\/uploads\/2018\/06\/20180608_104224-e1528468414308-574x1024.jpg 574w, https:\/\/kvg-dorsten.de\/wp2\/wp-content\/uploads\/2018\/06\/20180608_104224-e1528468414308.jpg 1369w\" sizes=\"auto, (max-width: 168px) 100vw, 168px\" \/><\/p>\n<p style=\"text-align: center\">Ab kommenden Sonntag hei\u00dft es wieder: Hereinspaziert, hereinspaziert in das Zirkuszelt des &#8222;Circus Kardinelli&#8220;!<\/p>\n<p style=\"text-align: center\">Zun\u00e4chst schnuppern die Eltern und Lehrer Zirkusluft und f\u00fchren den Kindern am Montag ihr einstudiertes Programm vor.<\/p>\n<p style=\"text-align: center\">An den kommenden Tagen werden die Kinder dann ihr eigenes Programm ein\u00fcben und dieses am Freitag, den 15. Juni und Samstag, den 16. Juni 2018 einem gro\u00dfen Publikum in vier Vorstellungen pr\u00e4sentieren.<\/p>\n<p style=\"text-align: center\">Alle Interessierten sind herzlich eingeladen.<\/p>\n<p style=\"text-align: center\">Karten f\u00fcr Erwachsene kosten 5\u20ac,\u00a0\u00a0 Kinderkarten sind f\u00fcr 2\u20ac zu haben.<\/p>\n<p style=\"text-align: center\">Die Vorstellungen finden am<strong> Freitag, den 15. Juni<\/strong> um 10 Uhr (Gruppe A und Kindergarten Heilig Kreuz) und um 15 Uhr (Gruppe B) statt und am <strong>Samstag, den 16. Juni<\/strong> um 14 Uhr (Gruppe B) und um 17 Uhr (Gruppe A).<\/p>\n<p style=\"text-align: center\">Zwischendurch gibt es eine Pause, f\u00fcr das leibliche Wohl ist ausreichend gesorgt.<\/p>\n","protected":false},"excerpt":{"rendered":"<p>Ab kommenden Sonntag hei\u00dft es wieder: Hereinspaziert, hereinspaziert in das Zirkuszelt des &#8222;Circus Kardinelli&#8220;! Zun\u00e4chst schnuppern die Eltern und Lehrer Zirkusluft und f\u00fchren den Kindern am Montag ihr einstudiertes Programm vor. An den kommenden Tagen werden die Kinder dann ihr eigenes Programm ein\u00fcben und dieses am Freitag, den 15. Juni und Samstag, den 16. Juni &hellip; <a href=\"https:\/\/kvg-dorsten.de\/?p=1405\" class=\"more-link\"><span class=\"screen-reader-text\">Hereinspaziert, hereinspaziert!<\/span> weiterlesen <span class=\"meta-nav\">&rarr;<\/span><\/a><\/p>\n","protected":false},"author":2,"featured_media":0,"comment_status":"open","ping_status":"open","sticky":false,"template":"","format":"standard","meta":{"footnotes":""},"categories":[21],"tags":[],"class_list":["post-1405","post","type-post","status-publish","format-standard","hentry","category-archiv-ab-schuljahr-201415"],"_links":{"self":[{"href":"https:\/\/kvg-dorsten.de\/index.php?rest_route=\/wp\/v2\/posts\/1405","targetHints":{"allow":["GET"]}}],"collection":[{"href":"https:\/\/kvg-dorsten.de\/index.php?rest_route=\/wp\/v2\/posts"}],"about":[{"href":"https:\/\/kvg-dorsten.de\/index.php?rest_route=\/wp\/v2\/types\/post"}],"author":[{"embeddable":true,"href":"https:\/\/kvg-dorsten.de\/index.php?rest_route=\/wp\/v2\/users\/2"}],"replies":[{"embeddable":true,"href":"https:\/\/kvg-dorsten.de\/index.php?rest_route=%2Fwp%2Fv2%2Fcomments&post=1405"}],"version-history":[{"count":3,"href":"https:\/\/kvg-dorsten.de\/index.php?rest_route=\/wp\/v2\/posts\/1405\/revisions"}],"predecessor-version":[{"id":1409,"href":"https:\/\/kvg-dorsten.de\/index.php?rest_route=\/wp\/v2\/posts\/1405\/revisions\/1409"}],"wp:attachment":[{"href":"https:\/\/kvg-dorsten.de\/index.php?rest_route=%2Fwp%2Fv2%2Fmedia&parent=1405"}],"wp:term":[{"taxonomy":"category","embeddable":true,"href":"https:\/\/kvg-dorsten.de\/index.php?rest_route=%2Fwp%2Fv2%2Fcategories&post=1405"},{"taxonomy":"post_tag","embeddable":true,"href":"https:\/\/kvg-dorsten.de\/index.php?rest_route=%2Fwp%2Fv2%2Ftags&post=1405"}],"curies":[{"name":"wp","href":"https:\/\/api.w.org\/{rel}","templated":true}]}}