{"id":1421,"date":"2018-06-30T16:12:10","date_gmt":"2018-06-30T14:12:10","guid":{"rendered":"https:\/\/kvg-dorsten.de\/?p=1421"},"modified":"2019-02-01T14:54:42","modified_gmt":"2019-02-01T13:54:42","slug":"day-of-song-2018-und-wir-waren-dabei","status":"publish","type":"post","link":"https:\/\/kvg-dorsten.de\/?p=1421","title":{"rendered":"Day of Song 2018 &#8211; und wir waren dabei!"},"content":{"rendered":"<p>Tolle Auftritte des Schulchores der KvG unter der Leitung von Christina May, zuerst einmal vor der &#8218;Factory&#8216; mit vielen anderen Kinderch\u00f6ren gemeinsam, sp\u00e4ter dann allein in der Lohnhalle mit Jannis Werwer am Klavier. Dass hier die Zuschauerzahl h\u00f6her und der Beifall gr\u00f6\u00dfer war als bei den nachfolgenden Ch\u00f6ren, lag nicht nur an den anwesenden Altendorfer Fans, sondern vor allem an der Begeisterung, dem Spa\u00df, den die singenden Kinder vermittelten.<\/p>\n<p>Und dann das diebische Vergn\u00fcgen in den Gesichtern, als sie im Steiger-Lied dieses sonst verbotene Wort &#8218;A&#8230;.&#8216; laut und deutlich betonen mussten &#8230; Also bitte <strong>bis zum Ende anschauen:<\/strong>\u00a0<strong><a href=\"https:\/\/www.facebook.com\/dorstenonline\/videos\/2018301771754326\/\">https:\/\/www.facebook.com\/dorstenonline\/videos\/2018301771754326\/<\/a><\/strong><\/p>\n<h6>Noch ein Video:\u00a0 <a href=\"https:\/\/www.facebook.com\/dorstenonline\/videos\/2018295031755000\/\">https:\/\/www.facebook.com\/dorstenonline\/videos\/2018295031755000\/<\/a><\/h6>\n<h6>Eine gro\u00dfe Bitte: Wer sch\u00f6ne Bilder und\/oder nette Videos von unserer tollen Truppe gemacht hat, sende sie bitte per E-Mail an\u00a0<strong><a href=\"mailto:webmaster@kvg-dorsten.de\">webmaster@kvg-dorsten.de<\/a><\/strong>,\u00a0 damit alle was davon haben \ud83d\ude42 Danke!<\/h6>\n","protected":false},"excerpt":{"rendered":"<p>Tolle Auftritte des Schulchores der KvG unter der Leitung von Christina May, zuerst einmal vor der &#8218;Factory&#8216; mit vielen anderen Kinderch\u00f6ren gemeinsam, sp\u00e4ter dann allein in der Lohnhalle mit Jannis Werwer am Klavier. Dass hier die Zuschauerzahl h\u00f6her und der Beifall gr\u00f6\u00dfer war als bei den nachfolgenden Ch\u00f6ren, lag nicht nur an den anwesenden Altendorfer &hellip; <a href=\"https:\/\/kvg-dorsten.de\/?p=1421\" class=\"more-link\"><span class=\"screen-reader-text\">Day of Song 2018 &#8211; und wir waren dabei!<\/span> weiterlesen <span class=\"meta-nav\">&rarr;<\/span><\/a><\/p>\n","protected":false},"author":1,"featured_media":1426,"comment_status":"open","ping_status":"open","sticky":false,"template":"","format":"standard","meta":{"footnotes":""},"categories":[21],"tags":[],"class_list":["post-1421","post","type-post","status-publish","format-standard","has-post-thumbnail","hentry","category-archiv-ab-schuljahr-201415"],"_links":{"self":[{"href":"https:\/\/kvg-dorsten.de\/index.php?rest_route=\/wp\/v2\/posts\/1421","targetHints":{"allow":["GET"]}}],"collection":[{"href":"https:\/\/kvg-dorsten.de\/index.php?rest_route=\/wp\/v2\/posts"}],"about":[{"href":"https:\/\/kvg-dorsten.de\/index.php?rest_route=\/wp\/v2\/types\/post"}],"author":[{"embeddable":true,"href":"https:\/\/kvg-dorsten.de\/index.php?rest_route=\/wp\/v2\/users\/1"}],"replies":[{"embeddable":true,"href":"https:\/\/kvg-dorsten.de\/index.php?rest_route=%2Fwp%2Fv2%2Fcomments&post=1421"}],"version-history":[{"count":5,"href":"https:\/\/kvg-dorsten.de\/index.php?rest_route=\/wp\/v2\/posts\/1421\/revisions"}],"predecessor-version":[{"id":1430,"href":"https:\/\/kvg-dorsten.de\/index.php?rest_route=\/wp\/v2\/posts\/1421\/revisions\/1430"}],"wp:featuredmedia":[{"embeddable":true,"href":"https:\/\/kvg-dorsten.de\/index.php?rest_route=\/wp\/v2\/media\/1426"}],"wp:attachment":[{"href":"https:\/\/kvg-dorsten.de\/index.php?rest_route=%2Fwp%2Fv2%2Fmedia&parent=1421"}],"wp:term":[{"taxonomy":"category","embeddable":true,"href":"https:\/\/kvg-dorsten.de\/index.php?rest_route=%2Fwp%2Fv2%2Fcategories&post=1421"},{"taxonomy":"post_tag","embeddable":true,"href":"https:\/\/kvg-dorsten.de\/index.php?rest_route=%2Fwp%2Fv2%2Ftags&post=1421"}],"curies":[{"name":"wp","href":"https:\/\/api.w.org\/{rel}","templated":true}]}}