{"id":1432,"date":"2018-07-09T19:48:21","date_gmt":"2018-07-09T17:48:21","guid":{"rendered":"https:\/\/kvg-dorsten.de\/?p=1432"},"modified":"2018-07-09T19:48:21","modified_gmt":"2018-07-09T17:48:21","slug":"eis-vom-buergermeister","status":"publish","type":"post","link":"https:\/\/kvg-dorsten.de\/?p=1432","title":{"rendered":"Eis vom B\u00fcrgermeister"},"content":{"rendered":"<p>Erst der gro\u00dfe Spa\u00df in der Zirkuswoche, jetzt auch noch ein Eis drauf:<\/p>\n<p>B\u00fcrgermeister Tobias Stockhoff l\u00f6ste heute sein Versprechen ein, das er den Kindern der Kardinal-von-Galen-Schule und des Hl.-Kreuz-Kindergartens angesichts der begeisternden Zirkus-Auff\u00fchrung gegeben hatte: ein Eis f\u00fcr jeden!<\/p>\n<p>Die Artisten vom Circus Kardinelli sagen herzlich Danke sch\u00f6n!<\/p>\n<p><a href=\"https:\/\/kvg-dorsten.de\/wp2\/wp-content\/uploads\/2018\/07\/2018-07-09-Eis-vom-Buergermeister.png\"><img loading=\"lazy\" decoding=\"async\" class=\"aligncenter wp-image-1433 size-full\" src=\"https:\/\/kvg-dorsten.de\/wp2\/wp-content\/uploads\/2018\/07\/2018-07-09-Eis-vom-Buergermeister.png\" alt=\"\" width=\"1600\" height=\"1200\" srcset=\"https:\/\/kvg-dorsten.de\/wp2\/wp-content\/uploads\/2018\/07\/2018-07-09-Eis-vom-Buergermeister.png 1600w, https:\/\/kvg-dorsten.de\/wp2\/wp-content\/uploads\/2018\/07\/2018-07-09-Eis-vom-Buergermeister-300x225.png 300w, https:\/\/kvg-dorsten.de\/wp2\/wp-content\/uploads\/2018\/07\/2018-07-09-Eis-vom-Buergermeister-1024x768.png 1024w\" sizes=\"auto, (max-width: 1600px) 100vw, 1600px\" \/><\/a><\/p>\n","protected":false},"excerpt":{"rendered":"<p>Erst der gro\u00dfe Spa\u00df in der Zirkuswoche, jetzt auch noch ein Eis drauf: B\u00fcrgermeister Tobias Stockhoff l\u00f6ste heute sein Versprechen ein, das er den Kindern der Kardinal-von-Galen-Schule und des Hl.-Kreuz-Kindergartens angesichts der begeisternden Zirkus-Auff\u00fchrung gegeben hatte: ein Eis f\u00fcr jeden! Die Artisten vom Circus Kardinelli sagen herzlich Danke sch\u00f6n!<\/p>\n","protected":false},"author":1,"featured_media":1434,"comment_status":"open","ping_status":"open","sticky":false,"template":"","format":"standard","meta":{"footnotes":""},"categories":[1],"tags":[],"class_list":["post-1432","post","type-post","status-publish","format-standard","has-post-thumbnail","hentry","category-allgemein"],"_links":{"self":[{"href":"https:\/\/kvg-dorsten.de\/index.php?rest_route=\/wp\/v2\/posts\/1432","targetHints":{"allow":["GET"]}}],"collection":[{"href":"https:\/\/kvg-dorsten.de\/index.php?rest_route=\/wp\/v2\/posts"}],"about":[{"href":"https:\/\/kvg-dorsten.de\/index.php?rest_route=\/wp\/v2\/types\/post"}],"author":[{"embeddable":true,"href":"https:\/\/kvg-dorsten.de\/index.php?rest_route=\/wp\/v2\/users\/1"}],"replies":[{"embeddable":true,"href":"https:\/\/kvg-dorsten.de\/index.php?rest_route=%2Fwp%2Fv2%2Fcomments&post=1432"}],"version-history":[{"count":2,"href":"https:\/\/kvg-dorsten.de\/index.php?rest_route=\/wp\/v2\/posts\/1432\/revisions"}],"predecessor-version":[{"id":1436,"href":"https:\/\/kvg-dorsten.de\/index.php?rest_route=\/wp\/v2\/posts\/1432\/revisions\/1436"}],"wp:featuredmedia":[{"embeddable":true,"href":"https:\/\/kvg-dorsten.de\/index.php?rest_route=\/wp\/v2\/media\/1434"}],"wp:attachment":[{"href":"https:\/\/kvg-dorsten.de\/index.php?rest_route=%2Fwp%2Fv2%2Fmedia&parent=1432"}],"wp:term":[{"taxonomy":"category","embeddable":true,"href":"https:\/\/kvg-dorsten.de\/index.php?rest_route=%2Fwp%2Fv2%2Fcategories&post=1432"},{"taxonomy":"post_tag","embeddable":true,"href":"https:\/\/kvg-dorsten.de\/index.php?rest_route=%2Fwp%2Fv2%2Ftags&post=1432"}],"curies":[{"name":"wp","href":"https:\/\/api.w.org\/{rel}","templated":true}]}}