{"id":2506,"date":"2022-11-01T11:25:02","date_gmt":"2022-11-01T10:25:02","guid":{"rendered":"https:\/\/kvg-dorsten.de\/?p=2506"},"modified":"2022-11-01T11:29:07","modified_gmt":"2022-11-01T10:29:07","slug":"akwaaba-eine-reise-nach-afrika","status":"publish","type":"post","link":"https:\/\/kvg-dorsten.de\/?p=2506","title":{"rendered":"Akwaaba &#8211; eine Reise nach Afrika"},"content":{"rendered":"<p>In der letzten Woche haben wir uns mit allen Klassen auf eine weite Reise begeben. Am Dienstag ging es mit dem Projekt &#8222;Trommelkunst&#8220; ins ferne Ghana.<\/p>\n<p>Am Vormittag probten zun\u00e4chst die Kinder der Klassen 1 und 2 mit den Djembe-Trommeln unter der Anleitung von Roberto, w\u00e4hrend die Kinder der Klassen 3 und 4 ihre Giraffen- und L\u00f6wenmasken bastelten. Im Anschluss daran trommelten und tanzten die Gro\u00dfen und die Kleinen bastelten ihre Vogelmasken f\u00fcr die Auff\u00fchrung am Mittag.<\/p>\n<p><a href=\"https:\/\/kvg-dorsten.de\/?attachment_id=2514\" rel=\"attachment wp-att-2514\"><img loading=\"lazy\" decoding=\"async\" class=\"size-medium wp-image-2514 aligncenter\" src=\"https:\/\/kvg-dorsten.de\/wp2\/wp-content\/uploads\/2022\/11\/IMG_20221027_191523-242x300.jpg\" alt=\"\" width=\"242\" height=\"300\" srcset=\"https:\/\/kvg-dorsten.de\/wp2\/wp-content\/uploads\/2022\/11\/IMG_20221027_191523-242x300.jpg 242w, https:\/\/kvg-dorsten.de\/wp2\/wp-content\/uploads\/2022\/11\/IMG_20221027_191523-827x1024.jpg 827w, https:\/\/kvg-dorsten.de\/wp2\/wp-content\/uploads\/2022\/11\/IMG_20221027_191523-1240x1536.jpg 1240w, https:\/\/kvg-dorsten.de\/wp2\/wp-content\/uploads\/2022\/11\/IMG_20221027_191523.jpg 1502w\" sizes=\"auto, (max-width: 242px) 100vw, 242px\" \/><\/a><\/p>\n<p>F\u00fcr die Mittagspause haben unsere flei\u00dfigen Mitarbeiterinnen der OGS f\u00fcr alle Kinder als Imbiss Hotdogs vorbereitet. Auch an dieser Stelle noch einmal vielen Dank daf\u00fcr!<\/p>\n<p>Gut gest\u00e4rkt ging es dann zur Auff\u00fchrung in die Turnhalle. Die zahlreichen Zuschauer erwartete eine tolle Darbietung und so lie\u00df sich auch das begeisterte Publikum mit auf die Reise nach Ghana nehmen. Am Ende tanzten sogar viele Eltern auf der B\u00fchne mit.<\/p>\n<p><a href=\"https:\/\/kvg-dorsten.de\/?attachment_id=2507\" rel=\"attachment wp-att-2507\"><img loading=\"lazy\" decoding=\"async\" class=\"size-medium wp-image-2507 aligncenter\" src=\"https:\/\/kvg-dorsten.de\/wp2\/wp-content\/uploads\/2022\/11\/DSCN1885-300x225.jpg\" alt=\"\" width=\"300\" height=\"225\" srcset=\"https:\/\/kvg-dorsten.de\/wp2\/wp-content\/uploads\/2022\/11\/DSCN1885-300x225.jpg 300w, https:\/\/kvg-dorsten.de\/wp2\/wp-content\/uploads\/2022\/11\/DSCN1885-1024x768.jpg 1024w, https:\/\/kvg-dorsten.de\/wp2\/wp-content\/uploads\/2022\/11\/DSCN1885.jpg 1440w\" sizes=\"auto, (max-width: 300px) 100vw, 300px\" \/><\/a><\/p>\n<p style=\"text-align: center;\"><a href=\"https:\/\/kvg-dorsten.de\/?attachment_id=2511\" rel=\"attachment wp-att-2511\"><img loading=\"lazy\" decoding=\"async\" class=\"size-medium wp-image-2511 aligncenter\" src=\"https:\/\/kvg-dorsten.de\/wp2\/wp-content\/uploads\/2022\/11\/DSCN1874-300x225.jpg\" alt=\"\" width=\"300\" height=\"225\" srcset=\"https:\/\/kvg-dorsten.de\/wp2\/wp-content\/uploads\/2022\/11\/DSCN1874-300x225.jpg 300w, https:\/\/kvg-dorsten.de\/wp2\/wp-content\/uploads\/2022\/11\/DSCN1874-1024x768.jpg 1024w, https:\/\/kvg-dorsten.de\/wp2\/wp-content\/uploads\/2022\/11\/DSCN1874.jpg 1440w\" sizes=\"auto, (max-width: 300px) 100vw, 300px\" \/><\/a><\/p>\n<p style=\"text-align: center;\"><a href=\"https:\/\/kvg-dorsten.de\/?attachment_id=2510\" rel=\"attachment wp-att-2510\"><img loading=\"lazy\" decoding=\"async\" class=\"size-medium wp-image-2510 aligncenter\" src=\"https:\/\/kvg-dorsten.de\/wp2\/wp-content\/uploads\/2022\/11\/DSCN1877-300x225.jpg\" alt=\"\" width=\"300\" height=\"225\" srcset=\"https:\/\/kvg-dorsten.de\/wp2\/wp-content\/uploads\/2022\/11\/DSCN1877-300x225.jpg 300w, https:\/\/kvg-dorsten.de\/wp2\/wp-content\/uploads\/2022\/11\/DSCN1877-1024x768.jpg 1024w, https:\/\/kvg-dorsten.de\/wp2\/wp-content\/uploads\/2022\/11\/DSCN1877.jpg 1440w\" sizes=\"auto, (max-width: 300px) 100vw, 300px\" \/><\/a><\/p>\n<p>Am Donnerstag fuhren wir bei fast sommerlichen Temperaturen in die ZOOm Erlebniswelt nach\u00a0Gelsenkirchen &#8211; und der erste Weg f\u00fchrte auch hier?&#8230;richtig &#8211; nach AFRIKA! Wann und wo sonst kann man mit wunderbarem Blick auf Giraffen fr\u00fchst\u00fccken?! Nachdem alle Klassen die afrikanische Tierwelt hautnah erleben konnten, ging es noch durch die anderen Welten und auf die Spielpl\u00e4tze. Hier gab es genug Zeit und Gelegenheit zum Staunen und Toben. F\u00fcr die Mittagspause hatte Frau Ulbrich-Heisig f\u00fcr jedes Kind eine Portion Pommes organisiert. Auch daf\u00fcr noch einmal vielen Dank!<\/p>\n<p><a href=\"https:\/\/kvg-dorsten.de\/?attachment_id=2512\" rel=\"attachment wp-att-2512\"><img loading=\"lazy\" decoding=\"async\" class=\"size-medium wp-image-2512 aligncenter\" src=\"https:\/\/kvg-dorsten.de\/wp2\/wp-content\/uploads\/2022\/11\/DSCN1933-225x300.jpg\" alt=\"\" width=\"225\" height=\"300\" srcset=\"https:\/\/kvg-dorsten.de\/wp2\/wp-content\/uploads\/2022\/11\/DSCN1933-225x300.jpg 225w, https:\/\/kvg-dorsten.de\/wp2\/wp-content\/uploads\/2022\/11\/DSCN1933-768x1024.jpg 768w, https:\/\/kvg-dorsten.de\/wp2\/wp-content\/uploads\/2022\/11\/DSCN1933-rotated.jpg 1080w\" sizes=\"auto, (max-width: 225px) 100vw, 225px\" \/><\/a><a href=\"https:\/\/kvg-dorsten.de\/?attachment_id=2513\" rel=\"attachment wp-att-2513\"><img loading=\"lazy\" decoding=\"async\" class=\"size-medium wp-image-2513 aligncenter\" src=\"https:\/\/kvg-dorsten.de\/wp2\/wp-content\/uploads\/2022\/11\/IMG_20221027_191118-300x231.jpg\" alt=\"\" width=\"300\" height=\"231\" srcset=\"https:\/\/kvg-dorsten.de\/wp2\/wp-content\/uploads\/2022\/11\/IMG_20221027_191118-300x231.jpg 300w, https:\/\/kvg-dorsten.de\/wp2\/wp-content\/uploads\/2022\/11\/IMG_20221027_191118-1024x790.jpg 1024w, https:\/\/kvg-dorsten.de\/wp2\/wp-content\/uploads\/2022\/11\/IMG_20221027_191118.jpg 1080w\" sizes=\"auto, (max-width: 300px) 100vw, 300px\" \/><\/a><\/p>\n<p><a href=\"https:\/\/kvg-dorsten.de\/?attachment_id=2516\" rel=\"attachment wp-att-2516\"><img loading=\"lazy\" decoding=\"async\" class=\"size-medium wp-image-2516 aligncenter\" src=\"https:\/\/kvg-dorsten.de\/wp2\/wp-content\/uploads\/2022\/11\/IMG_20221027_101654-300x225.jpg\" alt=\"\" width=\"300\" height=\"225\" srcset=\"https:\/\/kvg-dorsten.de\/wp2\/wp-content\/uploads\/2022\/11\/IMG_20221027_101654-300x225.jpg 300w, https:\/\/kvg-dorsten.de\/wp2\/wp-content\/uploads\/2022\/11\/IMG_20221027_101654-1024x768.jpg 1024w, https:\/\/kvg-dorsten.de\/wp2\/wp-content\/uploads\/2022\/11\/IMG_20221027_101654-1536x1152.jpg 1536w, https:\/\/kvg-dorsten.de\/wp2\/wp-content\/uploads\/2022\/11\/IMG_20221027_101654-2048x1536.jpg 2048w\" sizes=\"auto, (max-width: 300px) 100vw, 300px\" \/><\/a><\/p>\n<p>M\u00fcde und k.o. machten wir uns um 14.30 Uhr wieder auf den Weg zur\u00fcck zur Schule.<\/p>\n<p>Am Ende der Woche, in der auch in den Klassen noch flei\u00dfig zum Thema Afrika gelernt wurde, waren sich alle einig, dass eine richtig tolle Woche hinter uns liegt, die uns bestimmt noch lange in Erinnerung bleibt!!!<\/p>\n<p><a href=\"https:\/\/kvg-dorsten.de\/?attachment_id=2515\" rel=\"attachment wp-att-2515\"><img loading=\"lazy\" decoding=\"async\" class=\"size-medium wp-image-2515 aligncenter\" src=\"https:\/\/kvg-dorsten.de\/wp2\/wp-content\/uploads\/2022\/11\/IMG_20221101_093358-225x300.jpg\" alt=\"\" width=\"225\" height=\"300\" srcset=\"https:\/\/kvg-dorsten.de\/wp2\/wp-content\/uploads\/2022\/11\/IMG_20221101_093358-225x300.jpg 225w, https:\/\/kvg-dorsten.de\/wp2\/wp-content\/uploads\/2022\/11\/IMG_20221101_093358-768x1024.jpg 768w, https:\/\/kvg-dorsten.de\/wp2\/wp-content\/uploads\/2022\/11\/IMG_20221101_093358-1152x1536.jpg 1152w, https:\/\/kvg-dorsten.de\/wp2\/wp-content\/uploads\/2022\/11\/IMG_20221101_093358-1536x2048.jpg 1536w, https:\/\/kvg-dorsten.de\/wp2\/wp-content\/uploads\/2022\/11\/IMG_20221101_093358-scaled.jpg 1920w\" sizes=\"auto, (max-width: 225px) 100vw, 225px\" \/><\/a><\/p>\n","protected":false},"excerpt":{"rendered":"<p>In der letzten Woche haben wir uns mit allen Klassen auf eine weite Reise begeben. Am Dienstag ging es mit dem Projekt &#8222;Trommelkunst&#8220; ins ferne Ghana. Am Vormittag probten zun\u00e4chst die Kinder der Klassen 1 und 2 mit den Djembe-Trommeln unter der Anleitung von Roberto, w\u00e4hrend die Kinder der Klassen 3 und 4 ihre Giraffen- &hellip; <a href=\"https:\/\/kvg-dorsten.de\/?p=2506\" class=\"more-link\"><span class=\"screen-reader-text\">Akwaaba &#8211; eine Reise nach Afrika<\/span> weiterlesen <span class=\"meta-nav\">&rarr;<\/span><\/a><\/p>\n","protected":false},"author":2,"featured_media":2508,"comment_status":"open","ping_status":"open","sticky":false,"template":"","format":"standard","meta":{"footnotes":""},"categories":[1,3],"tags":[],"class_list":["post-2506","post","type-post","status-publish","format-standard","has-post-thumbnail","hentry","category-allgemein","category-klassen-und-unterricht"],"_links":{"self":[{"href":"https:\/\/kvg-dorsten.de\/index.php?rest_route=\/wp\/v2\/posts\/2506","targetHints":{"allow":["GET"]}}],"collection":[{"href":"https:\/\/kvg-dorsten.de\/index.php?rest_route=\/wp\/v2\/posts"}],"about":[{"href":"https:\/\/kvg-dorsten.de\/index.php?rest_route=\/wp\/v2\/types\/post"}],"author":[{"embeddable":true,"href":"https:\/\/kvg-dorsten.de\/index.php?rest_route=\/wp\/v2\/users\/2"}],"replies":[{"embeddable":true,"href":"https:\/\/kvg-dorsten.de\/index.php?rest_route=%2Fwp%2Fv2%2Fcomments&post=2506"}],"version-history":[{"count":4,"href":"https:\/\/kvg-dorsten.de\/index.php?rest_route=\/wp\/v2\/posts\/2506\/revisions"}],"predecessor-version":[{"id":2522,"href":"https:\/\/kvg-dorsten.de\/index.php?rest_route=\/wp\/v2\/posts\/2506\/revisions\/2522"}],"wp:featuredmedia":[{"embeddable":true,"href":"https:\/\/kvg-dorsten.de\/index.php?rest_route=\/wp\/v2\/media\/2508"}],"wp:attachment":[{"href":"https:\/\/kvg-dorsten.de\/index.php?rest_route=%2Fwp%2Fv2%2Fmedia&parent=2506"}],"wp:term":[{"taxonomy":"category","embeddable":true,"href":"https:\/\/kvg-dorsten.de\/index.php?rest_route=%2Fwp%2Fv2%2Fcategories&post=2506"},{"taxonomy":"post_tag","embeddable":true,"href":"https:\/\/kvg-dorsten.de\/index.php?rest_route=%2Fwp%2Fv2%2Ftags&post=2506"}],"curies":[{"name":"wp","href":"https:\/\/api.w.org\/{rel}","templated":true}]}}