{"id":2588,"date":"2023-08-03T21:30:04","date_gmt":"2023-08-03T19:30:04","guid":{"rendered":"https:\/\/kvg-dorsten.de\/?p=2588"},"modified":"2023-08-03T21:30:04","modified_gmt":"2023-08-03T19:30:04","slug":"schulbus-fahrplan","status":"publish","type":"post","link":"https:\/\/kvg-dorsten.de\/?p=2588","title":{"rendered":"Schulbus &#8211; Fahrplan"},"content":{"rendered":"<p>Liebe Eltern,<\/p>\n<p>hier schon einmal der Plan f\u00fcr die Busfahrten an den einzelnen Tagen, die mit den neuen Stundenpl\u00e4nen der Klassen abgestimmt wurden.<\/p>\n<p>Die genauen Abfahrtszeiten f\u00fcr die Hinfahrt werden noch von Herrn Smock berechnet und demn\u00e4chst hier bekannt gegeben.<\/p>\n<p>Plan f\u00fcr Schulwoche 1<\/p>\n<p><a href=\"https:\/\/kvg-dorsten.de\/wp2\/wp-content\/uploads\/2023\/08\/IMG-20230803-WA0016.jpg\"><img loading=\"lazy\" decoding=\"async\" class=\"alignnone size-medium wp-image-2584\" src=\"https:\/\/kvg-dorsten.de\/wp2\/wp-content\/uploads\/2023\/08\/IMG-20230803-WA0016-300x146.jpg\" alt=\"\" width=\"300\" height=\"146\" srcset=\"https:\/\/kvg-dorsten.de\/wp2\/wp-content\/uploads\/2023\/08\/IMG-20230803-WA0016-300x146.jpg 300w, https:\/\/kvg-dorsten.de\/wp2\/wp-content\/uploads\/2023\/08\/IMG-20230803-WA0016-1024x498.jpg 1024w, https:\/\/kvg-dorsten.de\/wp2\/wp-content\/uploads\/2023\/08\/IMG-20230803-WA0016-1536x747.jpg 1536w, https:\/\/kvg-dorsten.de\/wp2\/wp-content\/uploads\/2023\/08\/IMG-20230803-WA0016.jpg 2016w\" sizes=\"auto, (max-width: 300px) 100vw, 300px\" \/><\/a><\/p>\n<p>Plan ab Schulwoche 2<\/p>\n<p><a href=\"https:\/\/kvg-dorsten.de\/wp2\/wp-content\/uploads\/2023\/08\/IMG-20230803-WA0017.jpg\"><img loading=\"lazy\" decoding=\"async\" class=\"alignnone size-medium wp-image-2583\" src=\"https:\/\/kvg-dorsten.de\/wp2\/wp-content\/uploads\/2023\/08\/IMG-20230803-WA0017-300x146.jpg\" alt=\"\" width=\"300\" height=\"146\" srcset=\"https:\/\/kvg-dorsten.de\/wp2\/wp-content\/uploads\/2023\/08\/IMG-20230803-WA0017-300x146.jpg 300w, https:\/\/kvg-dorsten.de\/wp2\/wp-content\/uploads\/2023\/08\/IMG-20230803-WA0017-1024x498.jpg 1024w, https:\/\/kvg-dorsten.de\/wp2\/wp-content\/uploads\/2023\/08\/IMG-20230803-WA0017-1536x747.jpg 1536w, https:\/\/kvg-dorsten.de\/wp2\/wp-content\/uploads\/2023\/08\/IMG-20230803-WA0017.jpg 2016w\" sizes=\"auto, (max-width: 300px) 100vw, 300px\" \/><\/a><\/p>\n","protected":false},"excerpt":{"rendered":"<p>Liebe Eltern, hier schon einmal der Plan f\u00fcr die Busfahrten an den einzelnen Tagen, die mit den neuen Stundenpl\u00e4nen der Klassen abgestimmt wurden. Die genauen Abfahrtszeiten f\u00fcr die Hinfahrt werden noch von Herrn Smock berechnet und demn\u00e4chst hier bekannt gegeben. Plan f\u00fcr Schulwoche 1 Plan ab Schulwoche 2<\/p>\n","protected":false},"author":2,"featured_media":2463,"comment_status":"open","ping_status":"open","sticky":false,"template":"","format":"standard","meta":{"footnotes":""},"categories":[1,26],"tags":[],"class_list":["post-2588","post","type-post","status-publish","format-standard","has-post-thumbnail","hentry","category-allgemein","category-schulbus"],"_links":{"self":[{"href":"https:\/\/kvg-dorsten.de\/index.php?rest_route=\/wp\/v2\/posts\/2588","targetHints":{"allow":["GET"]}}],"collection":[{"href":"https:\/\/kvg-dorsten.de\/index.php?rest_route=\/wp\/v2\/posts"}],"about":[{"href":"https:\/\/kvg-dorsten.de\/index.php?rest_route=\/wp\/v2\/types\/post"}],"author":[{"embeddable":true,"href":"https:\/\/kvg-dorsten.de\/index.php?rest_route=\/wp\/v2\/users\/2"}],"replies":[{"embeddable":true,"href":"https:\/\/kvg-dorsten.de\/index.php?rest_route=%2Fwp%2Fv2%2Fcomments&post=2588"}],"version-history":[{"count":6,"href":"https:\/\/kvg-dorsten.de\/index.php?rest_route=\/wp\/v2\/posts\/2588\/revisions"}],"predecessor-version":[{"id":2594,"href":"https:\/\/kvg-dorsten.de\/index.php?rest_route=\/wp\/v2\/posts\/2588\/revisions\/2594"}],"wp:featuredmedia":[{"embeddable":true,"href":"https:\/\/kvg-dorsten.de\/index.php?rest_route=\/wp\/v2\/media\/2463"}],"wp:attachment":[{"href":"https:\/\/kvg-dorsten.de\/index.php?rest_route=%2Fwp%2Fv2%2Fmedia&parent=2588"}],"wp:term":[{"taxonomy":"category","embeddable":true,"href":"https:\/\/kvg-dorsten.de\/index.php?rest_route=%2Fwp%2Fv2%2Fcategories&post=2588"},{"taxonomy":"post_tag","embeddable":true,"href":"https:\/\/kvg-dorsten.de\/index.php?rest_route=%2Fwp%2Fv2%2Ftags&post=2588"}],"curies":[{"name":"wp","href":"https:\/\/api.w.org\/{rel}","templated":true}]}}