{"id":282,"date":"2015-09-26T19:43:16","date_gmt":"2015-09-26T17:43:16","guid":{"rendered":"http:\/\/kvg-dorsten.de\/?p=282"},"modified":"2016-08-22T19:24:51","modified_gmt":"2016-08-22T17:24:51","slug":"aktion-zahngesundheit","status":"publish","type":"post","link":"https:\/\/kvg-dorsten.de\/?p=282","title":{"rendered":"Aktion Zahngesundheit"},"content":{"rendered":"<p>Am Dienstagmorgen \u00fcbernahm Frau Rewald vom Aktionskreis &#8222;Zahngesundheit&#8220; \u00fcber 2 Stunden den Unterricht in der Klasse 2d. An 8 Stationen lernten die Kinder alles Wichtige \u00fcber das Thema &#8222;Z\u00e4hne&#8220;.<br \/>\nDie Kinder lernten richtiges Z\u00e4hneputzen nach der KAI- Methode, erstellten ein Gebiss aus Knete, erf\u00fchlten unterschiedliche Z\u00e4hne, bastelten, malten\u00a0 und und&#8230;<br \/>\n\u00dcberaus anschaulich und kindgerecht stellte Frau Rewald alles dar.<br \/>\nToll gemacht!<br \/>\nWir hoffen, dass im n\u00e4chsten Jahr wieder eine solche Aktion stattfindet.<br \/>\nEin herzliches Dankesch\u00f6n gilt Frau Rewald!<\/p>\n<p><a href=\"http:\/\/kvg-dorsten.de\/wp2\/wp-content\/uploads\/2015\/09\/P1060267.jpg\" target=\"_blank\"><img loading=\"lazy\" decoding=\"async\" class=\"alignnone wp-image-284 size-full\" src=\"http:\/\/kvg-dorsten.de\/wp2\/wp-content\/uploads\/2015\/09\/P1060267.jpg\" alt=\"P1060267\" width=\"2048\" height=\"1536\" srcset=\"https:\/\/kvg-dorsten.de\/wp2\/wp-content\/uploads\/2015\/09\/P1060267.jpg 2048w, https:\/\/kvg-dorsten.de\/wp2\/wp-content\/uploads\/2015\/09\/P1060267-300x225.jpg 300w, https:\/\/kvg-dorsten.de\/wp2\/wp-content\/uploads\/2015\/09\/P1060267-1024x768.jpg 1024w\" sizes=\"auto, (max-width: 2048px) 100vw, 2048px\" \/><\/a><\/p>\n<p><a href=\"http:\/\/kvg-dorsten.de\/wp2\/wp-content\/uploads\/2015\/09\/P1060271.jpg\" target=\"_blank\"><img loading=\"lazy\" decoding=\"async\" class=\"alignnone wp-image-285 size-full\" src=\"http:\/\/kvg-dorsten.de\/wp2\/wp-content\/uploads\/2015\/09\/P1060271.jpg\" alt=\"P1060271\" width=\"2048\" height=\"1536\" srcset=\"https:\/\/kvg-dorsten.de\/wp2\/wp-content\/uploads\/2015\/09\/P1060271.jpg 2048w, https:\/\/kvg-dorsten.de\/wp2\/wp-content\/uploads\/2015\/09\/P1060271-300x225.jpg 300w, https:\/\/kvg-dorsten.de\/wp2\/wp-content\/uploads\/2015\/09\/P1060271-1024x768.jpg 1024w\" sizes=\"auto, (max-width: 2048px) 100vw, 2048px\" \/><\/a><\/p>\n<p><a href=\"http:\/\/kvg-dorsten.de\/wp2\/wp-content\/uploads\/2015\/09\/P1060273.jpg\" target=\"_blank\"><img loading=\"lazy\" decoding=\"async\" class=\"alignnone wp-image-286 size-full\" src=\"http:\/\/kvg-dorsten.de\/wp2\/wp-content\/uploads\/2015\/09\/P1060273.jpg\" alt=\"P1060273\" width=\"2048\" height=\"1536\" srcset=\"https:\/\/kvg-dorsten.de\/wp2\/wp-content\/uploads\/2015\/09\/P1060273.jpg 2048w, https:\/\/kvg-dorsten.de\/wp2\/wp-content\/uploads\/2015\/09\/P1060273-300x225.jpg 300w, https:\/\/kvg-dorsten.de\/wp2\/wp-content\/uploads\/2015\/09\/P1060273-1024x768.jpg 1024w\" sizes=\"auto, (max-width: 2048px) 100vw, 2048px\" \/><\/a><\/p>\n<p><a href=\"http:\/\/kvg-dorsten.de\/wp2\/wp-content\/uploads\/2015\/09\/P1060275.jpg\" target=\"_blank\"><img loading=\"lazy\" decoding=\"async\" class=\"alignnone wp-image-287 size-full\" src=\"http:\/\/kvg-dorsten.de\/wp2\/wp-content\/uploads\/2015\/09\/P1060275.jpg\" alt=\"P1060275\" width=\"2048\" height=\"1536\" srcset=\"https:\/\/kvg-dorsten.de\/wp2\/wp-content\/uploads\/2015\/09\/P1060275.jpg 2048w, https:\/\/kvg-dorsten.de\/wp2\/wp-content\/uploads\/2015\/09\/P1060275-300x225.jpg 300w, https:\/\/kvg-dorsten.de\/wp2\/wp-content\/uploads\/2015\/09\/P1060275-1024x768.jpg 1024w\" sizes=\"auto, (max-width: 2048px) 100vw, 2048px\" \/><\/a><\/p>\n<p><a href=\"http:\/\/kvg-dorsten.de\/wp2\/wp-content\/uploads\/2015\/09\/P1060276.jpg\" target=\"_blank\"><img loading=\"lazy\" decoding=\"async\" class=\"alignnone wp-image-288 size-full\" src=\"http:\/\/kvg-dorsten.de\/wp2\/wp-content\/uploads\/2015\/09\/P1060276.jpg\" alt=\"P1060276\" width=\"2048\" height=\"1536\" srcset=\"https:\/\/kvg-dorsten.de\/wp2\/wp-content\/uploads\/2015\/09\/P1060276.jpg 2048w, https:\/\/kvg-dorsten.de\/wp2\/wp-content\/uploads\/2015\/09\/P1060276-300x225.jpg 300w, https:\/\/kvg-dorsten.de\/wp2\/wp-content\/uploads\/2015\/09\/P1060276-1024x768.jpg 1024w\" sizes=\"auto, (max-width: 2048px) 100vw, 2048px\" \/><\/a><\/p>\n<p><a href=\"http:\/\/kvg-dorsten.de\/wp2\/wp-content\/uploads\/2015\/09\/P1060282.jpg\" target=\"_blank\"><img loading=\"lazy\" decoding=\"async\" class=\"alignnone wp-image-289 size-full\" src=\"http:\/\/kvg-dorsten.de\/wp2\/wp-content\/uploads\/2015\/09\/P1060282.jpg\" alt=\"P1060282\" width=\"2048\" height=\"1536\" srcset=\"https:\/\/kvg-dorsten.de\/wp2\/wp-content\/uploads\/2015\/09\/P1060282.jpg 2048w, https:\/\/kvg-dorsten.de\/wp2\/wp-content\/uploads\/2015\/09\/P1060282-300x225.jpg 300w, https:\/\/kvg-dorsten.de\/wp2\/wp-content\/uploads\/2015\/09\/P1060282-1024x768.jpg 1024w\" sizes=\"auto, (max-width: 2048px) 100vw, 2048px\" \/><\/a><\/p>\n","protected":false},"excerpt":{"rendered":"<p>Am Dienstagmorgen \u00fcbernahm Frau Rewald vom Aktionskreis &#8222;Zahngesundheit&#8220; \u00fcber 2 Stunden den Unterricht in der Klasse 2d. An 8 Stationen lernten die Kinder alles Wichtige \u00fcber das Thema &#8222;Z\u00e4hne&#8220;. Die Kinder lernten richtiges Z\u00e4hneputzen nach der KAI- Methode, erstellten ein Gebiss aus Knete, erf\u00fchlten unterschiedliche Z\u00e4hne, bastelten, malten\u00a0 und und&#8230; \u00dcberaus anschaulich und kindgerecht stellte &hellip; <a href=\"https:\/\/kvg-dorsten.de\/?p=282\" class=\"more-link\"><span class=\"screen-reader-text\">Aktion Zahngesundheit<\/span> weiterlesen <span class=\"meta-nav\">&rarr;<\/span><\/a><\/p>\n","protected":false},"author":6,"featured_media":0,"comment_status":"open","ping_status":"open","sticky":false,"template":"","format":"standard","meta":{"footnotes":""},"categories":[21],"tags":[],"class_list":["post-282","post","type-post","status-publish","format-standard","hentry","category-archiv-ab-schuljahr-201415"],"_links":{"self":[{"href":"https:\/\/kvg-dorsten.de\/index.php?rest_route=\/wp\/v2\/posts\/282","targetHints":{"allow":["GET"]}}],"collection":[{"href":"https:\/\/kvg-dorsten.de\/index.php?rest_route=\/wp\/v2\/posts"}],"about":[{"href":"https:\/\/kvg-dorsten.de\/index.php?rest_route=\/wp\/v2\/types\/post"}],"author":[{"embeddable":true,"href":"https:\/\/kvg-dorsten.de\/index.php?rest_route=\/wp\/v2\/users\/6"}],"replies":[{"embeddable":true,"href":"https:\/\/kvg-dorsten.de\/index.php?rest_route=%2Fwp%2Fv2%2Fcomments&post=282"}],"version-history":[{"count":2,"href":"https:\/\/kvg-dorsten.de\/index.php?rest_route=\/wp\/v2\/posts\/282\/revisions"}],"predecessor-version":[{"id":290,"href":"https:\/\/kvg-dorsten.de\/index.php?rest_route=\/wp\/v2\/posts\/282\/revisions\/290"}],"wp:attachment":[{"href":"https:\/\/kvg-dorsten.de\/index.php?rest_route=%2Fwp%2Fv2%2Fmedia&parent=282"}],"wp:term":[{"taxonomy":"category","embeddable":true,"href":"https:\/\/kvg-dorsten.de\/index.php?rest_route=%2Fwp%2Fv2%2Fcategories&post=282"},{"taxonomy":"post_tag","embeddable":true,"href":"https:\/\/kvg-dorsten.de\/index.php?rest_route=%2Fwp%2Fv2%2Ftags&post=282"}],"curies":[{"name":"wp","href":"https:\/\/api.w.org\/{rel}","templated":true}]}}